{"id":1023,"date":"2023-08-09T00:14:50","date_gmt":"2023-08-08T22:14:50","guid":{"rendered":"http:\/\/residencedespins.ddns.net\/wordpress\/?p=1023"},"modified":"2023-08-09T01:24:30","modified_gmt":"2023-08-08T23:24:30","slug":"lorchestre-de-la-suisse-romande-a-la-plage","status":"publish","type":"post","link":"http:\/\/residencedespins.ddns.net\/wordpress\/culture\/lorchestre-de-la-suisse-romande-a-la-plage\/","title":{"rendered":"L&rsquo;orchestre de la Suisse Romande \u00e0 la plage"},"content":{"rendered":"\n[et_pb_section][et_pb_row][et_pb_column type=\u00a0\u00bb4_4&Prime;][et_pb_text]<!-- divi:heading -->\n<h2 class=\"wp-block-heading\"><\/h2>\n<!-- \/divi:heading -->\n\n<!-- divi:heading {\"textColor\":\"black\",\"fontSize\":\"medium\"} -->\n<h2 class=\"wp-block-heading has-black-color has-text-color has-medium-font-size\">C&rsquo;est \u00e0 Gen\u00e8ve plage les 17, 18 et 19 ao\u00fbt que se produira l&rsquo;orchestre de la Suisse romande dans le cadre de son festival annuel avec un beau programme musical en perspective&#8230;! <\/h2>\n<!-- \/divi:heading -->\n\n<!-- divi:separator -->\n<hr class=\"wp-block-separator has-alpha-channel-opacity\"\/>\n<!-- \/divi:separator -->\n\n<!-- divi:image {\"sizeSlug\":\"large\",\"linkDestination\":\"custom\"} -->\n<figure class=\"wp-block-image size-large\"><a href=\"https:\/\/www.osr.ch\/fr\/concerts-billets\/festivals\/festival-osr-a-geneve-plage\" target=\"_blank\" rel=\"noreferrer noopener\"><img decoding=\"async\" src=\"https:\/\/www.osr.ch\/fileadmin\/_processed_\/7\/b\/csm_230817-18-19_GP_landingpage_74cb78eb9e.jpg\" alt=\"\"\/><\/a><\/figure>\n<!-- \/divi:image -->\n\n<!-- divi:heading {\"style\":{\"typography\":{\"textTransform\":\"lowercase\"}},\"fontSize\":\"medium\"} -->\n<h2 class=\"wp-block-heading has-medium-font-size\" style=\"text-transform:lowercase\"><\/h2>\n<!-- \/divi:heading -->[\/et_pb_text][\/et_pb_column][\/et_pb_row][\/et_pb_section]\n","protected":false},"excerpt":{"rendered":"<p><div class=\"et_pb_section et_pb_section_0 et_section_regular\" >\n\t\t\t\t\n\t\t\t\t\n\t\t\t\t\n\t\t\t\t\n\t\t\t\t\n\t\t\t\t\n\t\t\t\t\n\t\t\t\t\n\t\t\t\t\n\t\t\t<\/div><div class=\"et_pb_row et_pb_row_0 et_pb_row_empty\">\n\t\t\t\t\n\t\t\t\t\n\t\t\t\t\n\t\t\t\t\n\t\t\t\t\n\t\t\t<\/div><div class=\"et_pb_module et_pb_text et_pb_text_0  et_pb_text_align_left et_pb_bg_layout_light\">\n\t\t\t\t\n\t\t\t\t\n\t\t\t\t\n\t\t\t\t\n\t\t\t\t\n\t\t\t<\/div> C&rsquo;est \u00e0 Gen\u00e8ve plage les 17, 18 et 19 ao\u00fbt que se produira l&rsquo;orchestre de la Suisse romande dans le cadre de son festival annuel avec un beau programme musical en perspective&#8230;!<\/p>\n","protected":false},"author":1,"featured_media":0,"comment_status":"open","ping_status":"open","sticky":false,"template":"","format":"standard","meta":{"_et_pb_use_builder":"on","_et_pb_old_content":"<!-- wp:heading -->\n<h2 class=\"wp-block-heading\"><\/h2>\n<!-- \/wp:heading -->\n\n<!-- wp:heading {\"textColor\":\"black\",\"fontSize\":\"medium\"} -->\n<h2 class=\"wp-block-heading has-black-color has-text-color has-medium-font-size\">C'est \u00e0 Gen\u00e8ve plage les 17, 18 et 19 ao\u00fbt que se produira l'orchestre de la Suisse romande dans le cadre de son festival annuel avec un beau programme musical en perspective...! <\/h2>\n<!-- \/wp:heading -->\n\n<!-- wp:separator -->\n<hr class=\"wp-block-separator has-alpha-channel-opacity\"\/>\n<!-- \/wp:separator -->\n\n<!-- wp:image {\"sizeSlug\":\"large\",\"linkDestination\":\"custom\"} -->\n<figure class=\"wp-block-image size-large\"><a href=\"https:\/\/www.osr.ch\/fr\/concerts-billets\/festivals\/festival-osr-a-geneve-plage\" target=\"_blank\" rel=\"noreferrer noopener\"><img src=\"https:\/\/www.osr.ch\/fileadmin\/_processed_\/7\/b\/csm_230817-18-19_GP_landingpage_74cb78eb9e.jpg\" alt=\"\"\/><\/a><\/figure>\n<!-- \/wp:image -->\n\n<!-- wp:heading {\"style\":{\"typography\":{\"textTransform\":\"lowercase\"}},\"fontSize\":\"medium\"} -->\n<h2 class=\"wp-block-heading has-medium-font-size\" style=\"text-transform:lowercase\"><\/h2>\n<!-- \/wp:heading -->","_et_gb_content_width":"","footnotes":""},"categories":[10],"tags":[16,19,20,17,18],"class_list":["post-1023","post","type-post","status-publish","format-standard","hentry","category-culture","tag-festival","tag-geneve","tag-geneve-plage","tag-musique-classique","tag-osr"],"_links":{"self":[{"href":"http:\/\/residencedespins.ddns.net\/wordpress\/wp-json\/wp\/v2\/posts\/1023","targetHints":{"allow":["GET"]}}],"collection":[{"href":"http:\/\/residencedespins.ddns.net\/wordpress\/wp-json\/wp\/v2\/posts"}],"about":[{"href":"http:\/\/residencedespins.ddns.net\/wordpress\/wp-json\/wp\/v2\/types\/post"}],"author":[{"embeddable":true,"href":"http:\/\/residencedespins.ddns.net\/wordpress\/wp-json\/wp\/v2\/users\/1"}],"replies":[{"embeddable":true,"href":"http:\/\/residencedespins.ddns.net\/wordpress\/wp-json\/wp\/v2\/comments?post=1023"}],"version-history":[{"count":12,"href":"http:\/\/residencedespins.ddns.net\/wordpress\/wp-json\/wp\/v2\/posts\/1023\/revisions"}],"predecessor-version":[{"id":1040,"href":"http:\/\/residencedespins.ddns.net\/wordpress\/wp-json\/wp\/v2\/posts\/1023\/revisions\/1040"}],"wp:attachment":[{"href":"http:\/\/residencedespins.ddns.net\/wordpress\/wp-json\/wp\/v2\/media?parent=1023"}],"wp:term":[{"taxonomy":"category","embeddable":true,"href":"http:\/\/residencedespins.ddns.net\/wordpress\/wp-json\/wp\/v2\/categories?post=1023"},{"taxonomy":"post_tag","embeddable":true,"href":"http:\/\/residencedespins.ddns.net\/wordpress\/wp-json\/wp\/v2\/tags?post=1023"}],"curies":[{"name":"wp","href":"https:\/\/api.w.org\/{rel}","templated":true}]}}