{"id":1175,"date":"2023-08-31T00:35:22","date_gmt":"2023-08-30T22:35:22","guid":{"rendered":"http:\/\/residencedespins.ddns.net\/wordpress\/?p=1175"},"modified":"2023-08-31T01:24:14","modified_gmt":"2023-08-30T23:24:14","slug":"a-gaillard-la-ville-offre-un-spectacle-pour-feter-louverture-de-sa-saison-culturelle","status":"publish","type":"post","link":"http:\/\/residencedespins.ddns.net\/wordpress\/loisirs\/a-gaillard-la-ville-offre-un-spectacle-pour-feter-louverture-de-sa-saison-culturelle\/","title":{"rendered":"\u00c0 Gaillard, la ville offre un spectacle pour f\u00eater l&rsquo;ouverture de sa saison culturelle&#8230;!"},"content":{"rendered":"\n[et_pb_section][et_pb_row][et_pb_column type=\u00a0\u00bb4_4&Prime;][et_pb_text]<!-- divi:paragraph -->\n<p><\/p>\n<!-- \/divi:paragraph -->\n\n<!-- divi:paragraph -->\n<p><\/p>\n<!-- \/divi:paragraph -->\n\n<!-- divi:paragraph -->\n<p><\/p>\n<!-- \/divi:paragraph -->\n\n<!-- divi:image {\"id\":1185,\"width\":848,\"height\":746,\"sizeSlug\":\"full\",\"linkDestination\":\"none\"} -->\n<figure class=\"wp-block-image size-full is-resized\"><img loading=\"lazy\" decoding=\"async\" src=\"http:\/\/residencedespins.ddns.net\/wordpress\/wp-content\/uploads\/2023\/08\/Voxset-2.jpg\" alt=\"\" class=\"wp-image-1185\" style=\"width:848px;height:746px\" width=\"848\" height=\"746\" srcset=\"http:\/\/residencedespins.ddns.net\/wordpress\/wp-content\/uploads\/2023\/08\/Voxset-2.jpg 848w, http:\/\/residencedespins.ddns.net\/wordpress\/wp-content\/uploads\/2023\/08\/Voxset-2-480x423.jpg 480w\" sizes=\"(min-width: 0px) and (max-width: 480px) 480px, (min-width: 481px) 848px, 100vw\" \/><\/figure>\n<!-- \/divi:image -->\n\n<!-- divi:paragraph -->\n<p><\/p>\n<!-- \/divi:paragraph -->\n\n<!-- divi:paragraph -->\n<p><\/p>\n<!-- \/divi:paragraph -->\n\n<!-- divi:heading -->\n<h2 class=\"wp-block-heading\">C&rsquo;est \u00e0 Gaillard, \u00e0 300 M de la R\u00e9sidence des Pins et nous y serons pr\u00e9sents&#8230;! Un grand merci \u00e0 la commune de Gaillard pour ce cadeau g\u00e9n\u00e9reux&#8230;!<\/h2>\n<!-- \/divi:heading -->\n\n<!-- divi:paragraph -->\n<p>Jean-Luc<\/p>\n<!-- \/divi:paragraph -->[\/et_pb_text][\/et_pb_column][\/et_pb_row][\/et_pb_section]\n","protected":false},"excerpt":{"rendered":"<p><div class=\"et_pb_section et_pb_section_0 et_section_regular\" >\n\t\t\t\t\n\t\t\t\t\n\t\t\t\t\n\t\t\t\t\n\t\t\t\t\n\t\t\t\t\n\t\t\t\t\n\t\t\t\t\n\t\t\t\t\n\t\t\t<\/div><div class=\"et_pb_row et_pb_row_0 et_pb_row_empty\">\n\t\t\t\t\n\t\t\t\t\n\t\t\t\t\n\t\t\t\t\n\t\t\t\t\n\t\t\t<\/div><div class=\"et_pb_module et_pb_text et_pb_text_0  et_pb_text_align_left et_pb_bg_layout_light\">\n\t\t\t\t\n\t\t\t\t\n\t\t\t\t\n\t\t\t\t\n\t\t\t\t\n\t\t\t<\/div> C&rsquo;est \u00e0 Gaillard, \u00e0 300 M de la R\u00e9sidence des Pins et nous y serons pr\u00e9sents&#8230;! Un grand merci \u00e0 la commune de Gaillard pour ce cadeau g\u00e9n\u00e9reux&#8230;! Jean-Luc<\/p>\n","protected":false},"author":1,"featured_media":0,"comment_status":"open","ping_status":"open","sticky":false,"template":"","format":"standard","meta":{"_et_pb_use_builder":"on","_et_pb_old_content":"<!-- wp:paragraph -->\n<p><\/p>\n<!-- \/wp:paragraph -->\n\n<!-- wp:paragraph -->\n<p><\/p>\n<!-- \/wp:paragraph -->\n\n<!-- wp:paragraph -->\n<p><\/p>\n<!-- \/wp:paragraph -->\n\n<!-- wp:image {\"id\":1185,\"width\":848,\"height\":746,\"sizeSlug\":\"full\",\"linkDestination\":\"none\"} -->\n<figure class=\"wp-block-image size-full is-resized\"><img src=\"http:\/\/residencedespins.ddns.net\/wordpress\/wp-content\/uploads\/2023\/08\/Voxset-2.jpg\" alt=\"\" class=\"wp-image-1185\" style=\"width:848px;height:746px\" width=\"848\" height=\"746\"\/><\/figure>\n<!-- \/wp:image -->\n\n<!-- wp:paragraph -->\n<p><\/p>\n<!-- \/wp:paragraph -->\n\n<!-- wp:paragraph -->\n<p><\/p>\n<!-- \/wp:paragraph -->\n\n<!-- wp:heading -->\n<h2 class=\"wp-block-heading\">C'est \u00e0 Gaillard, \u00e0 300 M de la R\u00e9sidence des Pins et nous y serons pr\u00e9sents...! Un grand merci \u00e0 la commune de Gaillard pour ce cadeau g\u00e9n\u00e9reux...!<\/h2>\n<!-- \/wp:heading -->\n\n<!-- wp:paragraph -->\n<p>Jean-Luc<\/p>\n<!-- \/wp:paragraph -->","_et_gb_content_width":"","footnotes":""},"categories":[10,9],"tags":[24,22,25],"class_list":["post-1175","post","type-post","status-publish","format-standard","hentry","category-culture","category-loisirs","tag-culture","tag-gaillard","tag-salle-louis-simon"],"_links":{"self":[{"href":"http:\/\/residencedespins.ddns.net\/wordpress\/wp-json\/wp\/v2\/posts\/1175","targetHints":{"allow":["GET"]}}],"collection":[{"href":"http:\/\/residencedespins.ddns.net\/wordpress\/wp-json\/wp\/v2\/posts"}],"about":[{"href":"http:\/\/residencedespins.ddns.net\/wordpress\/wp-json\/wp\/v2\/types\/post"}],"author":[{"embeddable":true,"href":"http:\/\/residencedespins.ddns.net\/wordpress\/wp-json\/wp\/v2\/users\/1"}],"replies":[{"embeddable":true,"href":"http:\/\/residencedespins.ddns.net\/wordpress\/wp-json\/wp\/v2\/comments?post=1175"}],"version-history":[{"count":7,"href":"http:\/\/residencedespins.ddns.net\/wordpress\/wp-json\/wp\/v2\/posts\/1175\/revisions"}],"predecessor-version":[{"id":1187,"href":"http:\/\/residencedespins.ddns.net\/wordpress\/wp-json\/wp\/v2\/posts\/1175\/revisions\/1187"}],"wp:attachment":[{"href":"http:\/\/residencedespins.ddns.net\/wordpress\/wp-json\/wp\/v2\/media?parent=1175"}],"wp:term":[{"taxonomy":"category","embeddable":true,"href":"http:\/\/residencedespins.ddns.net\/wordpress\/wp-json\/wp\/v2\/categories?post=1175"},{"taxonomy":"post_tag","embeddable":true,"href":"http:\/\/residencedespins.ddns.net\/wordpress\/wp-json\/wp\/v2\/tags?post=1175"}],"curies":[{"name":"wp","href":"https:\/\/api.w.org\/{rel}","templated":true}]}}